{"id":6188,"date":"2023-10-10T19:05:41","date_gmt":"2023-10-10T22:05:41","guid":{"rendered":"https:\/\/guiamania.com.br\/livro\/o-comercio-justo-e-o-consumo-etico-afonso-cotera-fretel\/"},"modified":"2023-10-11T01:36:36","modified_gmt":"2023-10-11T04:36:36","slug":"o-comercio-justo-e-o-consumo-etico-afonso-cotera-fretel","status":"publish","type":"post","link":"https:\/\/guiamania.com.br\/livro\/o-comercio-justo-e-o-consumo-etico-afonso-cotera-fretel\/","title":{"rendered":"O com\u00e9rcio justo e o consumo \u00e9tico \u00bb Afonso Cotera Fretel"},"content":{"rendered":"<p>Esta cartilha dirigida \u00e0s donas de casa, produtores autogestion\u00e1rios, cidad\u00e3os e cidad\u00e3s em geral, nos permitir\u00e1 explorar formas alternativas ao com\u00e9rcio tradicional, por meio do com\u00e9rcio justo e do consumo \u00e9tico. Tal op\u00e7\u00e3o, para ter sucesso, deve estar acompanhada de um clima de confian\u00e7a, de um sentido de solidariedade e de uma consci\u00eancia integral de nossa for\u00e7a e poder de consumidores. Para que funcione, deve demonstrar sua viabilidade econ\u00f4mica, seu sentido social e sua perspectiva \u00e9tica.Esta cartilha sobre as alternativas ao com\u00e9rcio tradicional nos levar\u00e1 a analisar o Com\u00e9rcio Justo: como surgiu, quais os requisitos para se praticar o Com\u00e9rcio Justo, quais as institui\u00e7\u00f5es promotoras do Com\u00e9rcio Justo e como se inscrever nelas. E tamb\u00e9m a compreender o que significa Consumo \u00c9tico e como ele se d\u00e1 na pr\u00e1tica.<\/p>\n","protected":false},"excerpt":{"rendered":"<p>Esta cartilha dirigida \u00e0s donas de casa, produtores autogestion\u00e1rios, cidad\u00e3os e cidad\u00e3s em geral, nos permitir\u00e1 explorar formas alternativas ao com\u00e9rcio tradicional, por meio do com\u00e9rcio justo e do consumo \u00e9tico. Tal op\u00e7\u00e3o, para ter sucesso, deve estar acompanhada de um clima de confian\u00e7a, de um sentido de solidariedade e de uma consci\u00eancia integral de [&hellip;]<\/p>\n","protected":false},"author":1,"featured_media":0,"comment_status":"open","ping_status":"closed","sticky":false,"template":"","format":"standard","meta":{"footnotes":""},"categories":[1],"tags":[],"autor":[2699],"segmento":[2477],"class_list":["post-6188","post","type-post","status-publish","format-standard","hentry","category-sem-categoria","autor-afonso-cotera-fretel","segmento-desenvolvimento-sustentavel"],"_links":{"self":[{"href":"https:\/\/guiamania.com.br\/livro\/wp-json\/wp\/v2\/posts\/6188","targetHints":{"allow":["GET"]}}],"collection":[{"href":"https:\/\/guiamania.com.br\/livro\/wp-json\/wp\/v2\/posts"}],"about":[{"href":"https:\/\/guiamania.com.br\/livro\/wp-json\/wp\/v2\/types\/post"}],"author":[{"embeddable":true,"href":"https:\/\/guiamania.com.br\/livro\/wp-json\/wp\/v2\/users\/1"}],"replies":[{"embeddable":true,"href":"https:\/\/guiamania.com.br\/livro\/wp-json\/wp\/v2\/comments?post=6188"}],"version-history":[{"count":0,"href":"https:\/\/guiamania.com.br\/livro\/wp-json\/wp\/v2\/posts\/6188\/revisions"}],"wp:attachment":[{"href":"https:\/\/guiamania.com.br\/livro\/wp-json\/wp\/v2\/media?parent=6188"}],"wp:term":[{"taxonomy":"category","embeddable":true,"href":"https:\/\/guiamania.com.br\/livro\/wp-json\/wp\/v2\/categories?post=6188"},{"taxonomy":"post_tag","embeddable":true,"href":"https:\/\/guiamania.com.br\/livro\/wp-json\/wp\/v2\/tags?post=6188"},{"taxonomy":"autor","embeddable":true,"href":"https:\/\/guiamania.com.br\/livro\/wp-json\/wp\/v2\/autor?post=6188"},{"taxonomy":"segmento","embeddable":true,"href":"https:\/\/guiamania.com.br\/livro\/wp-json\/wp\/v2\/segmento?post=6188"}],"curies":[{"name":"wp","href":"https:\/\/api.w.org\/{rel}","templated":true}]}}