{"id":6189,"date":"2023-10-10T19:05:41","date_gmt":"2023-10-10T22:05:41","guid":{"rendered":"https:\/\/guiamania.com.br\/livro\/o-executivo-na-essencia-a-genetica-do-comportamento-gerencial-jorge-fornari\/"},"modified":"2023-10-11T01:36:36","modified_gmt":"2023-10-11T04:36:36","slug":"o-executivo-na-essencia-a-genetica-do-comportamento-gerencial-jorge-fornari","status":"publish","type":"post","link":"https:\/\/guiamania.com.br\/livro\/o-executivo-na-essencia-a-genetica-do-comportamento-gerencial-jorge-fornari\/","title":{"rendered":"O executivo na ess\u00eancia: A &#8220;gen\u00e9tica&#8221; do comportamento gerencial \u00bb Jorge Fornari"},"content":{"rendered":"<p>O autor sintetiza descobertas e hip\u00f3teses sobre como a evolu\u00e7\u00e3o e a sele\u00e7\u00e3o natural nos aparelharam para formar a sociedade em que vivemos, mas principalmente definir respostas que ainda hoje atrapalham nosso autodesenvolvimento, bem como modelam nossos ambientes de trabalho, criando selvas que libertam nossos piores animais internos. Esta obra \u00e9 um convite a descortinar as origens de lados ocultos irracionais, f\u00fateis e desnecess\u00e1rios frutos de uma evolu\u00e7\u00e3o que ou n\u00e3o deu certo, ou ainda n\u00e3o acabou.<\/p>\n","protected":false},"excerpt":{"rendered":"<p>O autor sintetiza descobertas e hip\u00f3teses sobre como a evolu\u00e7\u00e3o e a sele\u00e7\u00e3o natural nos aparelharam para formar a sociedade em que vivemos, mas principalmente definir respostas que ainda hoje atrapalham nosso autodesenvolvimento, bem como modelam nossos ambientes de trabalho, criando selvas que libertam nossos piores animais internos. Esta obra \u00e9 um convite a descortinar [&hellip;]<\/p>\n","protected":false},"author":1,"featured_media":0,"comment_status":"open","ping_status":"closed","sticky":false,"template":"","format":"standard","meta":{"footnotes":""},"categories":[1],"tags":[],"autor":[2700],"segmento":[659],"class_list":["post-6189","post","type-post","status-publish","format-standard","hentry","category-sem-categoria","autor-jorge-fornari","segmento-cultura-do-centro-de-trabalho"],"_links":{"self":[{"href":"https:\/\/guiamania.com.br\/livro\/wp-json\/wp\/v2\/posts\/6189","targetHints":{"allow":["GET"]}}],"collection":[{"href":"https:\/\/guiamania.com.br\/livro\/wp-json\/wp\/v2\/posts"}],"about":[{"href":"https:\/\/guiamania.com.br\/livro\/wp-json\/wp\/v2\/types\/post"}],"author":[{"embeddable":true,"href":"https:\/\/guiamania.com.br\/livro\/wp-json\/wp\/v2\/users\/1"}],"replies":[{"embeddable":true,"href":"https:\/\/guiamania.com.br\/livro\/wp-json\/wp\/v2\/comments?post=6189"}],"version-history":[{"count":0,"href":"https:\/\/guiamania.com.br\/livro\/wp-json\/wp\/v2\/posts\/6189\/revisions"}],"wp:attachment":[{"href":"https:\/\/guiamania.com.br\/livro\/wp-json\/wp\/v2\/media?parent=6189"}],"wp:term":[{"taxonomy":"category","embeddable":true,"href":"https:\/\/guiamania.com.br\/livro\/wp-json\/wp\/v2\/categories?post=6189"},{"taxonomy":"post_tag","embeddable":true,"href":"https:\/\/guiamania.com.br\/livro\/wp-json\/wp\/v2\/tags?post=6189"},{"taxonomy":"autor","embeddable":true,"href":"https:\/\/guiamania.com.br\/livro\/wp-json\/wp\/v2\/autor?post=6189"},{"taxonomy":"segmento","embeddable":true,"href":"https:\/\/guiamania.com.br\/livro\/wp-json\/wp\/v2\/segmento?post=6189"}],"curies":[{"name":"wp","href":"https:\/\/api.w.org\/{rel}","templated":true}]}}