{"id":6204,"date":"2023-10-10T19:05:46","date_gmt":"2023-10-10T22:05:46","guid":{"rendered":"https:\/\/guiamania.com.br\/livro\/gestao-sistemica-para-um-mundo-complexo-tudo-esta-ligado-a-tudo-e-voce-esta-ligado-nisso-marina-pechlivanis\/"},"modified":"2023-10-11T01:36:38","modified_gmt":"2023-10-11T04:36:38","slug":"gestao-sistemica-para-um-mundo-complexo-tudo-esta-ligado-a-tudo-e-voce-esta-ligado-nisso-marina-pechlivanis","status":"publish","type":"post","link":"https:\/\/guiamania.com.br\/livro\/gestao-sistemica-para-um-mundo-complexo-tudo-esta-ligado-a-tudo-e-voce-esta-ligado-nisso-marina-pechlivanis\/","title":{"rendered":"Gest\u00e3o sist\u00eamica para um mundo complexo: tudo est\u00e1 ligado a tudo. e voc\u00ea, est\u00e1 ligado nisso? \u00bb Marina Pechlivanis"},"content":{"rendered":"<p>Este \u00e9 um livro<br \/>\nde questionamentos,<br \/>\ne \u201crealidades inc\u00f4modas\u201d<br \/>\ns\u00e3o o meu ponto de partida:Vivemos em um mundo interdependente onde tudo est\u00e1 ligado a tudo (precisou acontecer uma pandemia para percebermos).Criamos solu\u00e7\u00f5es para pessoas conectadas em rede (quando parte da popula\u00e7\u00e3o n\u00e3o tem acesso a saneamento b\u00e1sico, que dir\u00e1 \u00e0 internet).Desvalorizamos a sabedoria tradicional que nos trouxe at\u00e9 aqui (e pensamos que tudo se resolve com Intelig\u00eancia Artificial).Acreditamos que podemos sair do sistema, pois este n\u00e3o funciona (at\u00e9 perceber que esse sistema est\u00e1 integrado a outros, pois tudo o que existe, existe em sistema).Mais que respostas, voc\u00ea ter\u00e1 repert\u00f3rio para entender como muitos dos desafios complexos da atualidade podem ser solucionados com a gest\u00e3o sist\u00eamica, o que faz toda a diferen\u00e7a no presente e no futuro sustent\u00e1vel dos neg\u00f3cios, da sociedade e do planeta.Para que a sua experi\u00eancia de leitura seja mais proveitosa, voc\u00ea encontrar\u00e1 Exerc\u00edcios pr\u00e1ticos, Reflex\u00f5es estrat\u00e9gicas; Curiosidades integrativas e Entrevistas inspiradoras.Conex\u00f5es iluminadas,hoje e sempre!Marina Pechlivanis\u201cUma riqu\u00edssima compila\u00e7\u00e3o das contribui\u00e7\u00f5es dos grandes pensadores e artistas do pensamento complexo e da teoria dos sistemas como, entre outros, \u00cdtalo Calvino e Jorge Luis Borges, que acrescentam, de forma did\u00e1tica e prazerosa, elementos para a assimila\u00e7\u00e3o e melhor compreens\u00e3o de suas li\u00e7\u00f5es. Um livro com contornos enciclop\u00e9dicos, repletos de verbetes que transcendem, no entanto, a fragmenta\u00e7\u00e3o do saber que os iluministas propunham nesse tipo de composi\u00e7\u00e3o e interliga os saberes num am\u00e1lgama de inter-rela\u00e7\u00f5es expl\u00edcitas a formar um todo coeso e coerente. Tudo isso numa abordagem com a leveza e o car\u00e1ter l\u00fadico de um almanaque que compila saberes diversos, alguns muito pitorescos. E com diagramas e exerc\u00edcios bastante reflexivos, em formato aberto, o que propicia um amplo espectro de aproveitamento. Sugerem reflex\u00f5es sem conduzir conclus\u00f5es. Ali\u00e1s, esse \u00e9 um dos maiores m\u00e9ritos da obra como um todo. Um livro que, com certeza, dar\u00e1 aos leitores um panorama bastante motivador para mudan\u00e7as significativas em suas vidas e empreendimentos, nesse mundo t\u00e3o carente de novas atitudes a considerar a interdepend\u00eancia de tudo e de todos.\u201d\u2015 Luiz Eduardo de Carvalho, escritor<\/p>\n","protected":false},"excerpt":{"rendered":"<p>Este \u00e9 um livro de questionamentos, e \u201crealidades inc\u00f4modas\u201d s\u00e3o o meu ponto de partida:Vivemos em um mundo interdependente onde tudo est\u00e1 ligado a tudo (precisou acontecer uma pandemia para percebermos).Criamos solu\u00e7\u00f5es para pessoas conectadas em rede (quando parte da popula\u00e7\u00e3o n\u00e3o tem acesso a saneamento b\u00e1sico, que dir\u00e1 \u00e0 internet).Desvalorizamos a sabedoria tradicional que [&hellip;]<\/p>\n","protected":false},"author":1,"featured_media":0,"comment_status":"open","ping_status":"closed","sticky":false,"template":"","format":"standard","meta":{"footnotes":""},"categories":[1],"tags":[],"autor":[2707],"segmento":[2708],"class_list":["post-6204","post","type-post","status-publish","format-standard","hentry","category-sem-categoria","autor-marina-pechlivanis","segmento-lideranca-em-teoria-da-educacao"],"_links":{"self":[{"href":"https:\/\/guiamania.com.br\/livro\/wp-json\/wp\/v2\/posts\/6204","targetHints":{"allow":["GET"]}}],"collection":[{"href":"https:\/\/guiamania.com.br\/livro\/wp-json\/wp\/v2\/posts"}],"about":[{"href":"https:\/\/guiamania.com.br\/livro\/wp-json\/wp\/v2\/types\/post"}],"author":[{"embeddable":true,"href":"https:\/\/guiamania.com.br\/livro\/wp-json\/wp\/v2\/users\/1"}],"replies":[{"embeddable":true,"href":"https:\/\/guiamania.com.br\/livro\/wp-json\/wp\/v2\/comments?post=6204"}],"version-history":[{"count":0,"href":"https:\/\/guiamania.com.br\/livro\/wp-json\/wp\/v2\/posts\/6204\/revisions"}],"wp:attachment":[{"href":"https:\/\/guiamania.com.br\/livro\/wp-json\/wp\/v2\/media?parent=6204"}],"wp:term":[{"taxonomy":"category","embeddable":true,"href":"https:\/\/guiamania.com.br\/livro\/wp-json\/wp\/v2\/categories?post=6204"},{"taxonomy":"post_tag","embeddable":true,"href":"https:\/\/guiamania.com.br\/livro\/wp-json\/wp\/v2\/tags?post=6204"},{"taxonomy":"autor","embeddable":true,"href":"https:\/\/guiamania.com.br\/livro\/wp-json\/wp\/v2\/autor?post=6204"},{"taxonomy":"segmento","embeddable":true,"href":"https:\/\/guiamania.com.br\/livro\/wp-json\/wp\/v2\/segmento?post=6204"}],"curies":[{"name":"wp","href":"https:\/\/api.w.org\/{rel}","templated":true}]}}